{"id":5301,"date":"2023-06-30T08:00:00","date_gmt":"2023-06-30T06:00:00","guid":{"rendered":"http:\/\/a4-balice-krakowpoludnie-stes.pl\/?p=5301"},"modified":"2023-07-10T22:23:26","modified_gmt":"2023-07-10T20:23:26","slug":"aktualizacja-do-30-06-2023","status":"publish","type":"post","link":"http:\/\/a4-balice-krakowpoludnie-stes.pl\/index.php\/2023\/06\/30\/aktualizacja-do-30-06-2023\/","title":{"rendered":"Aktualizacja do 30.06.2023"},"content":{"rendered":"\n<h3 class=\"wp-block-heading\"><strong>Aktualizacja do 30.06.2023<\/strong> <\/h3>\n\n\n\n<ol class=\"wp-block-list\">\n<li>Zatwierdzono opracowanie Analizy i Prognozy Ruchu,<\/li>\n\n\n\n<li>Trwaj\u0105 analizy trasowe i korytarzowe przebiegu autostrady w dopasowaniu do aktualnych przepis\u00f3w. Kontynuacja,<\/li>\n\n\n\n<li>Przeprowadzono analizy oraz warianty geometryczne rozwi\u0105za\u0144 w\u0119z\u0142\u00f3w autostradowych. Przygotowano kolejne warianty rozwi\u0105za\u0144. Kontynuacja zagadnienia,<\/li>\n\n\n\n<li>Zamawiaj\u0105cy uruchomi\u0142 opracowanie projektu drogi S52c na odcinku od w\u0119z\u0142a Balice I od w\u0119z\u0142a Modlniczka (bez w\u0119z\u0142a),<\/li>\n\n\n\n<li>Rozpocz\u0119cie przygotowania materia\u0142\u00f3w do spotka\u0144 informacyjnych planowanych na IV kw. br. Kontynuacja,<\/li>\n\n\n\n<li>Koordynacja rozwi\u0105za\u0144 komunikacyjnych w s\u0105siedztwie MPL Krak\u00f3w-Balice i nowego przebiegu DW774.<\/li>\n<\/ol>\n","protected":false},"excerpt":{"rendered":"<p>Aktualizacja do 30.06.2023<br \/>\n1. Zatwierdzono opracowanie Analizy i Prognozy Ruchu,<br \/>\n2. Trwaj\u0105 analizy trasowe i korytarzowe przebiegu autostrady w dopasowaniu do aktualnych przepis\u00f3w. Kontynuacja,<br \/>\n3. Przeprowadzono analizy oraz warianty geometryczne rozwi\u0105za\u0144 w\u0119z\u0142\u00f3w autostradowych. Przygotowano kolejne warianty rozwi\u0105za\u0144. Kontynuacja zagadnienia,<br \/>\n4. Zamawiaj\u0105cy uruchomi\u0142 opracowanie projektu drogi S52c na odcinku od w\u0119z\u0142a Balice I od w\u0119z\u0142a Modlniczka (bez w\u0119z\u0142a),<br \/>\n5. Rozpocz\u0119cie przygotowania materia\u0142\u00f3w do spotka\u0144 informacyjnych planowanych na IV kw. br. Kontynuacja,<br \/>\n6. Koordynacja rozwi\u0105za\u0144 komunikacyjnych w s\u0105siedztwie MPL Krak\u00f3w-Balice i nowego przebiegu DW774.<\/p>\n","protected":false},"author":1,"featured_media":4410,"comment_status":"closed","ping_status":"closed","sticky":false,"template":"","format":"standard","meta":{"footnotes":""},"categories":[5],"tags":[],"class_list":["post-5301","post","type-post","status-publish","format-standard","has-post-thumbnail","hentry","category-aktualnosci"],"gutentor_comment":0,"yoast_head":"<!-- This site is optimized with the Yoast SEO plugin v27.5 - https:\/\/yoast.com\/product\/yoast-seo-wordpress\/ -->\n<title>Aktualizacja do 30.06.2023 - Rozbudowa autostrady A4 od w\u0119z\u0142a Balice do ul. K\u0105pielowej w Krakowie o trzeci pas ruchu<\/title>\n<meta name=\"robots\" content=\"index, follow, max-snippet:-1, max-image-preview:large, max-video-preview:-1\" \/>\n<link rel=\"canonical\" href=\"http:\/\/a4-balice-krakowpoludnie-stes.pl\/index.php\/2023\/06\/30\/aktualizacja-do-30-06-2023\/\" \/>\n<meta property=\"og:locale\" content=\"pl_PL\" \/>\n<meta property=\"og:type\" content=\"article\" \/>\n<meta property=\"og:title\" content=\"Aktualizacja do 30.06.2023 - Rozbudowa autostrady A4 od w\u0119z\u0142a Balice do ul. K\u0105pielowej w Krakowie o trzeci pas ruchu\" \/>\n<meta property=\"og:description\" content=\"Aktualizacja do 30.06.2023 1. Zatwierdzono opracowanie Analizy i Prognozy Ruchu, 2. Trwaj\u0105 analizy trasowe i korytarzowe przebiegu autostrady w dopasowaniu do aktualnych przepis\u00f3w. Kontynuacja, 3. Przeprowadzono analizy oraz warianty geometryczne rozwi\u0105za\u0144 w\u0119z\u0142\u00f3w autostradowych. Przygotowano kolejne warianty rozwi\u0105za\u0144. Kontynuacja zagadnienia, 4. Zamawiaj\u0105cy uruchomi\u0142 opracowanie projektu drogi S52c na odcinku od w\u0119z\u0142a Balice I od w\u0119z\u0142a Modlniczka (bez w\u0119z\u0142a), 5. Rozpocz\u0119cie przygotowania materia\u0142\u00f3w do spotka\u0144 informacyjnych planowanych na IV kw. br. Kontynuacja, 6. Koordynacja rozwi\u0105za\u0144 komunikacyjnych w s\u0105siedztwie MPL Krak\u00f3w-Balice i nowego przebiegu DW774.\" \/>\n<meta property=\"og:url\" content=\"http:\/\/a4-balice-krakowpoludnie-stes.pl\/index.php\/2023\/06\/30\/aktualizacja-do-30-06-2023\/\" \/>\n<meta property=\"og:site_name\" content=\"Rozbudowa autostrady A4 od w\u0119z\u0142a Balice do ul. K\u0105pielowej w Krakowie o trzeci pas ruchu\" \/>\n<meta property=\"article:published_time\" content=\"2023-06-30T06:00:00+00:00\" \/>\n<meta property=\"article:modified_time\" content=\"2023-07-10T20:23:26+00:00\" \/>\n<meta property=\"og:image\" content=\"http:\/\/a4-balice-krakowpoludnie-stes.pl\/wp-content\/uploads\/2023\/01\/readmore.png\" \/>\n\t<meta property=\"og:image:width\" content=\"88\" \/>\n\t<meta property=\"og:image:height\" content=\"40\" \/>\n\t<meta property=\"og:image:type\" content=\"image\/png\" \/>\n<meta name=\"author\" content=\"a4balice\" \/>\n<meta name=\"twitter:card\" content=\"summary_large_image\" \/>\n<meta name=\"twitter:label1\" content=\"Napisane przez\" \/>\n\t<meta name=\"twitter:data1\" content=\"a4balice\" \/>\n\t<meta name=\"twitter:label2\" content=\"Szacowany czas czytania\" \/>\n\t<meta name=\"twitter:data2\" content=\"1 minuta\" \/>\n<script type=\"application\/ld+json\" class=\"yoast-schema-graph\">{\"@context\":\"https:\\\/\\\/schema.org\",\"@graph\":[{\"@type\":\"Article\",\"@id\":\"http:\\\/\\\/a4-balice-krakowpoludnie-stes.pl\\\/index.php\\\/2023\\\/06\\\/30\\\/aktualizacja-do-30-06-2023\\\/#article\",\"isPartOf\":{\"@id\":\"http:\\\/\\\/a4-balice-krakowpoludnie-stes.pl\\\/index.php\\\/2023\\\/06\\\/30\\\/aktualizacja-do-30-06-2023\\\/\"},\"author\":{\"name\":\"a4balice\",\"@id\":\"http:\\\/\\\/a4-balice-krakowpoludnie-stes.pl\\\/#\\\/schema\\\/person\\\/3bee5e19b1475b428e21e07aa262d4bf\"},\"headline\":\"Aktualizacja do 30.06.2023\",\"datePublished\":\"2023-06-30T06:00:00+00:00\",\"dateModified\":\"2023-07-10T20:23:26+00:00\",\"mainEntityOfPage\":{\"@id\":\"http:\\\/\\\/a4-balice-krakowpoludnie-stes.pl\\\/index.php\\\/2023\\\/06\\\/30\\\/aktualizacja-do-30-06-2023\\\/\"},\"wordCount\":95,\"publisher\":{\"@id\":\"http:\\\/\\\/a4-balice-krakowpoludnie-stes.pl\\\/#organization\"},\"image\":{\"@id\":\"http:\\\/\\\/a4-balice-krakowpoludnie-stes.pl\\\/index.php\\\/2023\\\/06\\\/30\\\/aktualizacja-do-30-06-2023\\\/#primaryimage\"},\"thumbnailUrl\":\"http:\\\/\\\/a4-balice-krakowpoludnie-stes.pl\\\/wp-content\\\/uploads\\\/2023\\\/01\\\/readmore.png\",\"articleSection\":[\"Aktualno\u015bci\"],\"inLanguage\":\"pl-PL\"},{\"@type\":\"WebPage\",\"@id\":\"http:\\\/\\\/a4-balice-krakowpoludnie-stes.pl\\\/index.php\\\/2023\\\/06\\\/30\\\/aktualizacja-do-30-06-2023\\\/\",\"url\":\"http:\\\/\\\/a4-balice-krakowpoludnie-stes.pl\\\/index.php\\\/2023\\\/06\\\/30\\\/aktualizacja-do-30-06-2023\\\/\",\"name\":\"Aktualizacja do 30.06.2023 - Rozbudowa autostrady A4 od w\u0119z\u0142a Balice do ul. K\u0105pielowej w Krakowie o trzeci pas ruchu\",\"isPartOf\":{\"@id\":\"http:\\\/\\\/a4-balice-krakowpoludnie-stes.pl\\\/#website\"},\"primaryImageOfPage\":{\"@id\":\"http:\\\/\\\/a4-balice-krakowpoludnie-stes.pl\\\/index.php\\\/2023\\\/06\\\/30\\\/aktualizacja-do-30-06-2023\\\/#primaryimage\"},\"image\":{\"@id\":\"http:\\\/\\\/a4-balice-krakowpoludnie-stes.pl\\\/index.php\\\/2023\\\/06\\\/30\\\/aktualizacja-do-30-06-2023\\\/#primaryimage\"},\"thumbnailUrl\":\"http:\\\/\\\/a4-balice-krakowpoludnie-stes.pl\\\/wp-content\\\/uploads\\\/2023\\\/01\\\/readmore.png\",\"datePublished\":\"2023-06-30T06:00:00+00:00\",\"dateModified\":\"2023-07-10T20:23:26+00:00\",\"breadcrumb\":{\"@id\":\"http:\\\/\\\/a4-balice-krakowpoludnie-stes.pl\\\/index.php\\\/2023\\\/06\\\/30\\\/aktualizacja-do-30-06-2023\\\/#breadcrumb\"},\"inLanguage\":\"pl-PL\",\"potentialAction\":[{\"@type\":\"ReadAction\",\"target\":[\"http:\\\/\\\/a4-balice-krakowpoludnie-stes.pl\\\/index.php\\\/2023\\\/06\\\/30\\\/aktualizacja-do-30-06-2023\\\/\"]}]},{\"@type\":\"ImageObject\",\"inLanguage\":\"pl-PL\",\"@id\":\"http:\\\/\\\/a4-balice-krakowpoludnie-stes.pl\\\/index.php\\\/2023\\\/06\\\/30\\\/aktualizacja-do-30-06-2023\\\/#primaryimage\",\"url\":\"http:\\\/\\\/a4-balice-krakowpoludnie-stes.pl\\\/wp-content\\\/uploads\\\/2023\\\/01\\\/readmore.png\",\"contentUrl\":\"http:\\\/\\\/a4-balice-krakowpoludnie-stes.pl\\\/wp-content\\\/uploads\\\/2023\\\/01\\\/readmore.png\",\"width\":88,\"height\":40},{\"@type\":\"BreadcrumbList\",\"@id\":\"http:\\\/\\\/a4-balice-krakowpoludnie-stes.pl\\\/index.php\\\/2023\\\/06\\\/30\\\/aktualizacja-do-30-06-2023\\\/#breadcrumb\",\"itemListElement\":[{\"@type\":\"ListItem\",\"position\":1,\"name\":\"Strona g\u0142\u00f3wna\",\"item\":\"http:\\\/\\\/a4-balice-krakowpoludnie-stes.pl\\\/\"},{\"@type\":\"ListItem\",\"position\":2,\"name\":\"Aktualizacja do 30.06.2023\"}]},{\"@type\":\"WebSite\",\"@id\":\"http:\\\/\\\/a4-balice-krakowpoludnie-stes.pl\\\/#website\",\"url\":\"http:\\\/\\\/a4-balice-krakowpoludnie-stes.pl\\\/\",\"name\":\"Rozbudowa autostrady A4 od w\u0119z\u0142a Balice do ul. K\u0105pielowej w Krakowie o trzeci pas ruchu\",\"description\":\"\",\"publisher\":{\"@id\":\"http:\\\/\\\/a4-balice-krakowpoludnie-stes.pl\\\/#organization\"},\"potentialAction\":[{\"@type\":\"SearchAction\",\"target\":{\"@type\":\"EntryPoint\",\"urlTemplate\":\"http:\\\/\\\/a4-balice-krakowpoludnie-stes.pl\\\/?s={search_term_string}\"},\"query-input\":{\"@type\":\"PropertyValueSpecification\",\"valueRequired\":true,\"valueName\":\"search_term_string\"}}],\"inLanguage\":\"pl-PL\"},{\"@type\":\"Organization\",\"@id\":\"http:\\\/\\\/a4-balice-krakowpoludnie-stes.pl\\\/#organization\",\"name\":\"Rozbudowa autostrady A4 od w\u0119z\u0142a Balice do ul. K\u0105pielowej w Krakowie o trzeci pas ruchu\",\"url\":\"http:\\\/\\\/a4-balice-krakowpoludnie-stes.pl\\\/\",\"logo\":{\"@type\":\"ImageObject\",\"inLanguage\":\"pl-PL\",\"@id\":\"http:\\\/\\\/a4-balice-krakowpoludnie-stes.pl\\\/#\\\/schema\\\/logo\\\/image\\\/\",\"url\":\"http:\\\/\\\/a4-balice-krakowpoludnie-stes.pl\\\/wp-content\\\/uploads\\\/2023\\\/01\\\/cropped-empty.png\",\"contentUrl\":\"http:\\\/\\\/a4-balice-krakowpoludnie-stes.pl\\\/wp-content\\\/uploads\\\/2023\\\/01\\\/cropped-empty.png\",\"width\":290,\"height\":96,\"caption\":\"Rozbudowa autostrady A4 od w\u0119z\u0142a Balice do ul. K\u0105pielowej w Krakowie o trzeci pas ruchu\"},\"image\":{\"@id\":\"http:\\\/\\\/a4-balice-krakowpoludnie-stes.pl\\\/#\\\/schema\\\/logo\\\/image\\\/\"}},{\"@type\":\"Person\",\"@id\":\"http:\\\/\\\/a4-balice-krakowpoludnie-stes.pl\\\/#\\\/schema\\\/person\\\/3bee5e19b1475b428e21e07aa262d4bf\",\"name\":\"a4balice\",\"image\":{\"@type\":\"ImageObject\",\"inLanguage\":\"pl-PL\",\"@id\":\"https:\\\/\\\/secure.gravatar.com\\\/avatar\\\/2330c906e29c143c5cdd177ff5c5600333c951f739c1193d6f534b71e1333ec7?s=96&d=mm&r=g\",\"url\":\"https:\\\/\\\/secure.gravatar.com\\\/avatar\\\/2330c906e29c143c5cdd177ff5c5600333c951f739c1193d6f534b71e1333ec7?s=96&d=mm&r=g\",\"contentUrl\":\"https:\\\/\\\/secure.gravatar.com\\\/avatar\\\/2330c906e29c143c5cdd177ff5c5600333c951f739c1193d6f534b71e1333ec7?s=96&d=mm&r=g\",\"caption\":\"a4balice\"},\"sameAs\":[\"http:\\\/\\\/a4-krakow-kapielowa-stes.pl\"],\"url\":\"http:\\\/\\\/a4-balice-krakowpoludnie-stes.pl\\\/index.php\\\/author\\\/a4balice\\\/\"}]}<\/script>\n<!-- \/ Yoast SEO plugin. -->","yoast_head_json":{"title":"Aktualizacja do 30.06.2023 - Rozbudowa autostrady A4 od w\u0119z\u0142a Balice do ul. K\u0105pielowej w Krakowie o trzeci pas ruchu","robots":{"index":"index","follow":"follow","max-snippet":"max-snippet:-1","max-image-preview":"max-image-preview:large","max-video-preview":"max-video-preview:-1"},"canonical":"http:\/\/a4-balice-krakowpoludnie-stes.pl\/index.php\/2023\/06\/30\/aktualizacja-do-30-06-2023\/","og_locale":"pl_PL","og_type":"article","og_title":"Aktualizacja do 30.06.2023 - Rozbudowa autostrady A4 od w\u0119z\u0142a Balice do ul. K\u0105pielowej w Krakowie o trzeci pas ruchu","og_description":"Aktualizacja do 30.06.2023 1. Zatwierdzono opracowanie Analizy i Prognozy Ruchu, 2. Trwaj\u0105 analizy trasowe i korytarzowe przebiegu autostrady w dopasowaniu do aktualnych przepis\u00f3w. Kontynuacja, 3. Przeprowadzono analizy oraz warianty geometryczne rozwi\u0105za\u0144 w\u0119z\u0142\u00f3w autostradowych. Przygotowano kolejne warianty rozwi\u0105za\u0144. Kontynuacja zagadnienia, 4. Zamawiaj\u0105cy uruchomi\u0142 opracowanie projektu drogi S52c na odcinku od w\u0119z\u0142a Balice I od w\u0119z\u0142a Modlniczka (bez w\u0119z\u0142a), 5. Rozpocz\u0119cie przygotowania materia\u0142\u00f3w do spotka\u0144 informacyjnych planowanych na IV kw. br. Kontynuacja, 6. Koordynacja rozwi\u0105za\u0144 komunikacyjnych w s\u0105siedztwie MPL Krak\u00f3w-Balice i nowego przebiegu DW774.","og_url":"http:\/\/a4-balice-krakowpoludnie-stes.pl\/index.php\/2023\/06\/30\/aktualizacja-do-30-06-2023\/","og_site_name":"Rozbudowa autostrady A4 od w\u0119z\u0142a Balice do ul. K\u0105pielowej w Krakowie o trzeci pas ruchu","article_published_time":"2023-06-30T06:00:00+00:00","article_modified_time":"2023-07-10T20:23:26+00:00","og_image":[{"width":88,"height":40,"url":"http:\/\/a4-balice-krakowpoludnie-stes.pl\/wp-content\/uploads\/2023\/01\/readmore.png","type":"image\/png"}],"author":"a4balice","twitter_card":"summary_large_image","twitter_misc":{"Napisane przez":"a4balice","Szacowany czas czytania":"1 minuta"},"schema":{"@context":"https:\/\/schema.org","@graph":[{"@type":"Article","@id":"http:\/\/a4-balice-krakowpoludnie-stes.pl\/index.php\/2023\/06\/30\/aktualizacja-do-30-06-2023\/#article","isPartOf":{"@id":"http:\/\/a4-balice-krakowpoludnie-stes.pl\/index.php\/2023\/06\/30\/aktualizacja-do-30-06-2023\/"},"author":{"name":"a4balice","@id":"http:\/\/a4-balice-krakowpoludnie-stes.pl\/#\/schema\/person\/3bee5e19b1475b428e21e07aa262d4bf"},"headline":"Aktualizacja do 30.06.2023","datePublished":"2023-06-30T06:00:00+00:00","dateModified":"2023-07-10T20:23:26+00:00","mainEntityOfPage":{"@id":"http:\/\/a4-balice-krakowpoludnie-stes.pl\/index.php\/2023\/06\/30\/aktualizacja-do-30-06-2023\/"},"wordCount":95,"publisher":{"@id":"http:\/\/a4-balice-krakowpoludnie-stes.pl\/#organization"},"image":{"@id":"http:\/\/a4-balice-krakowpoludnie-stes.pl\/index.php\/2023\/06\/30\/aktualizacja-do-30-06-2023\/#primaryimage"},"thumbnailUrl":"http:\/\/a4-balice-krakowpoludnie-stes.pl\/wp-content\/uploads\/2023\/01\/readmore.png","articleSection":["Aktualno\u015bci"],"inLanguage":"pl-PL"},{"@type":"WebPage","@id":"http:\/\/a4-balice-krakowpoludnie-stes.pl\/index.php\/2023\/06\/30\/aktualizacja-do-30-06-2023\/","url":"http:\/\/a4-balice-krakowpoludnie-stes.pl\/index.php\/2023\/06\/30\/aktualizacja-do-30-06-2023\/","name":"Aktualizacja do 30.06.2023 - Rozbudowa autostrady A4 od w\u0119z\u0142a Balice do ul. K\u0105pielowej w Krakowie o trzeci pas ruchu","isPartOf":{"@id":"http:\/\/a4-balice-krakowpoludnie-stes.pl\/#website"},"primaryImageOfPage":{"@id":"http:\/\/a4-balice-krakowpoludnie-stes.pl\/index.php\/2023\/06\/30\/aktualizacja-do-30-06-2023\/#primaryimage"},"image":{"@id":"http:\/\/a4-balice-krakowpoludnie-stes.pl\/index.php\/2023\/06\/30\/aktualizacja-do-30-06-2023\/#primaryimage"},"thumbnailUrl":"http:\/\/a4-balice-krakowpoludnie-stes.pl\/wp-content\/uploads\/2023\/01\/readmore.png","datePublished":"2023-06-30T06:00:00+00:00","dateModified":"2023-07-10T20:23:26+00:00","breadcrumb":{"@id":"http:\/\/a4-balice-krakowpoludnie-stes.pl\/index.php\/2023\/06\/30\/aktualizacja-do-30-06-2023\/#breadcrumb"},"inLanguage":"pl-PL","potentialAction":[{"@type":"ReadAction","target":["http:\/\/a4-balice-krakowpoludnie-stes.pl\/index.php\/2023\/06\/30\/aktualizacja-do-30-06-2023\/"]}]},{"@type":"ImageObject","inLanguage":"pl-PL","@id":"http:\/\/a4-balice-krakowpoludnie-stes.pl\/index.php\/2023\/06\/30\/aktualizacja-do-30-06-2023\/#primaryimage","url":"http:\/\/a4-balice-krakowpoludnie-stes.pl\/wp-content\/uploads\/2023\/01\/readmore.png","contentUrl":"http:\/\/a4-balice-krakowpoludnie-stes.pl\/wp-content\/uploads\/2023\/01\/readmore.png","width":88,"height":40},{"@type":"BreadcrumbList","@id":"http:\/\/a4-balice-krakowpoludnie-stes.pl\/index.php\/2023\/06\/30\/aktualizacja-do-30-06-2023\/#breadcrumb","itemListElement":[{"@type":"ListItem","position":1,"name":"Strona g\u0142\u00f3wna","item":"http:\/\/a4-balice-krakowpoludnie-stes.pl\/"},{"@type":"ListItem","position":2,"name":"Aktualizacja do 30.06.2023"}]},{"@type":"WebSite","@id":"http:\/\/a4-balice-krakowpoludnie-stes.pl\/#website","url":"http:\/\/a4-balice-krakowpoludnie-stes.pl\/","name":"Rozbudowa autostrady A4 od w\u0119z\u0142a Balice do ul. K\u0105pielowej w Krakowie o trzeci pas ruchu","description":"","publisher":{"@id":"http:\/\/a4-balice-krakowpoludnie-stes.pl\/#organization"},"potentialAction":[{"@type":"SearchAction","target":{"@type":"EntryPoint","urlTemplate":"http:\/\/a4-balice-krakowpoludnie-stes.pl\/?s={search_term_string}"},"query-input":{"@type":"PropertyValueSpecification","valueRequired":true,"valueName":"search_term_string"}}],"inLanguage":"pl-PL"},{"@type":"Organization","@id":"http:\/\/a4-balice-krakowpoludnie-stes.pl\/#organization","name":"Rozbudowa autostrady A4 od w\u0119z\u0142a Balice do ul. K\u0105pielowej w Krakowie o trzeci pas ruchu","url":"http:\/\/a4-balice-krakowpoludnie-stes.pl\/","logo":{"@type":"ImageObject","inLanguage":"pl-PL","@id":"http:\/\/a4-balice-krakowpoludnie-stes.pl\/#\/schema\/logo\/image\/","url":"http:\/\/a4-balice-krakowpoludnie-stes.pl\/wp-content\/uploads\/2023\/01\/cropped-empty.png","contentUrl":"http:\/\/a4-balice-krakowpoludnie-stes.pl\/wp-content\/uploads\/2023\/01\/cropped-empty.png","width":290,"height":96,"caption":"Rozbudowa autostrady A4 od w\u0119z\u0142a Balice do ul. K\u0105pielowej w Krakowie o trzeci pas ruchu"},"image":{"@id":"http:\/\/a4-balice-krakowpoludnie-stes.pl\/#\/schema\/logo\/image\/"}},{"@type":"Person","@id":"http:\/\/a4-balice-krakowpoludnie-stes.pl\/#\/schema\/person\/3bee5e19b1475b428e21e07aa262d4bf","name":"a4balice","image":{"@type":"ImageObject","inLanguage":"pl-PL","@id":"https:\/\/secure.gravatar.com\/avatar\/2330c906e29c143c5cdd177ff5c5600333c951f739c1193d6f534b71e1333ec7?s=96&d=mm&r=g","url":"https:\/\/secure.gravatar.com\/avatar\/2330c906e29c143c5cdd177ff5c5600333c951f739c1193d6f534b71e1333ec7?s=96&d=mm&r=g","contentUrl":"https:\/\/secure.gravatar.com\/avatar\/2330c906e29c143c5cdd177ff5c5600333c951f739c1193d6f534b71e1333ec7?s=96&d=mm&r=g","caption":"a4balice"},"sameAs":["http:\/\/a4-krakow-kapielowa-stes.pl"],"url":"http:\/\/a4-balice-krakowpoludnie-stes.pl\/index.php\/author\/a4balice\/"}]}},"_links":{"self":[{"href":"http:\/\/a4-balice-krakowpoludnie-stes.pl\/index.php\/wp-json\/wp\/v2\/posts\/5301","targetHints":{"allow":["GET"]}}],"collection":[{"href":"http:\/\/a4-balice-krakowpoludnie-stes.pl\/index.php\/wp-json\/wp\/v2\/posts"}],"about":[{"href":"http:\/\/a4-balice-krakowpoludnie-stes.pl\/index.php\/wp-json\/wp\/v2\/types\/post"}],"author":[{"embeddable":true,"href":"http:\/\/a4-balice-krakowpoludnie-stes.pl\/index.php\/wp-json\/wp\/v2\/users\/1"}],"replies":[{"embeddable":true,"href":"http:\/\/a4-balice-krakowpoludnie-stes.pl\/index.php\/wp-json\/wp\/v2\/comments?post=5301"}],"version-history":[{"count":2,"href":"http:\/\/a4-balice-krakowpoludnie-stes.pl\/index.php\/wp-json\/wp\/v2\/posts\/5301\/revisions"}],"predecessor-version":[{"id":5304,"href":"http:\/\/a4-balice-krakowpoludnie-stes.pl\/index.php\/wp-json\/wp\/v2\/posts\/5301\/revisions\/5304"}],"wp:featuredmedia":[{"embeddable":true,"href":"http:\/\/a4-balice-krakowpoludnie-stes.pl\/index.php\/wp-json\/wp\/v2\/media\/4410"}],"wp:attachment":[{"href":"http:\/\/a4-balice-krakowpoludnie-stes.pl\/index.php\/wp-json\/wp\/v2\/media?parent=5301"}],"wp:term":[{"taxonomy":"category","embeddable":true,"href":"http:\/\/a4-balice-krakowpoludnie-stes.pl\/index.php\/wp-json\/wp\/v2\/categories?post=5301"},{"taxonomy":"post_tag","embeddable":true,"href":"http:\/\/a4-balice-krakowpoludnie-stes.pl\/index.php\/wp-json\/wp\/v2\/tags?post=5301"}],"curies":[{"name":"wp","href":"https:\/\/api.w.org\/{rel}","templated":true}]}}