{"id":5413,"date":"2024-01-04T13:30:25","date_gmt":"2024-01-04T12:30:25","guid":{"rendered":"http:\/\/a4-balice-krakowpoludnie-stes.pl\/?p=5413"},"modified":"2024-03-01T14:57:07","modified_gmt":"2024-03-01T13:57:07","slug":"miasto-krakow-17-01-2024","status":"publish","type":"post","link":"http:\/\/a4-balice-krakowpoludnie-stes.pl\/index.php\/2024\/01\/04\/miasto-krakow-17-01-2024\/","title":{"rendered":"Miasto Krak\u00f3w 17.01.2024"},"content":{"rendered":"\n<h2 class=\"wp-block-heading has-text-align-center\">Materia\u0142y informacyjne do spotkania informacyjnego dla Miasta Krak\u00f3w<\/h2>\n\n\n\n<div class=\"wp-block-file aligncenter\"><a id=\"wp-block-file--media-64fa980a-b584-4ed0-94da-a3cb910e931b\" href=\"http:\/\/a4-balice-krakowpoludnie-stes.pl\/wp-content\/uploads\/2024\/01\/Spotkanie-informacyjne-KRAKOW-17.01.2024.pdf\" target=\"_blank\" rel=\"noreferrer noopener\">Prezentacja &#8211; Spotkanie informacyjne &#8211; Miasto Krak\u00f3w &#8211; 17.01.2024<\/a><a href=\"http:\/\/a4-balice-krakowpoludnie-stes.pl\/wp-content\/uploads\/2024\/01\/Spotkanie-informacyjne-KRAKOW-17.01.2024.pdf\" class=\"wp-block-file__button wp-element-button\" download aria-describedby=\"wp-block-file--media-64fa980a-b584-4ed0-94da-a3cb910e931b\">Pobierz<\/a><\/div>\n\n\n\n<hr class=\"wp-block-separator has-alpha-channel-opacity\"\/>\n\n\n\n<div class=\"wp-block-file aligncenter\"><a id=\"wp-block-file--media-64fa980a-b584-4ed0-94da-a3cb910e931b\" href=\"http:\/\/a4-balice-krakowpoludnie-stes.pl\/wp-content\/uploads\/2024\/01\/plakat-Benedyktynska-KRAKOW.pdf\" target=\"_blank\" rel=\"noreferrer noopener\">Plakat &#8211; Miasto Krak\u00f3w &#8211; ul Benedykty\u0144ska<\/a><a href=\"http:\/\/a4-balice-krakowpoludnie-stes.pl\/wp-content\/uploads\/2024\/01\/plakat-Benedyktynska-KRAKOW.pdf\" class=\"wp-block-file__button wp-element-button\" download aria-describedby=\"wp-block-file--media-64fa980a-b584-4ed0-94da-a3cb910e931b\">Pobierz<\/a><\/div>\n\n\n\n<hr class=\"wp-block-separator has-alpha-channel-opacity\"\/>\n\n\n\n<div class=\"wp-block-file aligncenter\"><a id=\"wp-block-file--media-ad3f7256-7a40-487c-9b94-930ae0753314\" href=\"http:\/\/a4-balice-krakowpoludnie-stes.pl\/wp-content\/uploads\/2024\/01\/Ulotka-Benedyktynska-Krakow.pdf\" target=\"_blank\" rel=\"noreferrer noopener\">Ulotka &#8211; Miasto Krak\u00f3w &#8211; ul Benedykty\u0144ska<\/a><a href=\"http:\/\/a4-balice-krakowpoludnie-stes.pl\/wp-content\/uploads\/2024\/01\/Ulotka-Benedyktynska-Krakow.pdf\" class=\"wp-block-file__button wp-element-button\" download aria-describedby=\"wp-block-file--media-ad3f7256-7a40-487c-9b94-930ae0753314\">Pobierz<\/a><\/div>\n\n\n\n<hr class=\"wp-block-separator has-alpha-channel-opacity\"\/>\n\n\n\n<div class=\"wp-block-file aligncenter\"><a id=\"wp-block-file--media-e304762d-b045-4531-9558-476fdcf7579f\" href=\"http:\/\/a4-balice-krakowpoludnie-stes.pl\/wp-content\/uploads\/2024\/01\/Formularz-opinii-Benedyktynska-KRAKOW.pdf\" target=\"_blank\" rel=\"noreferrer noopener\">Formularz opinii &#8211; Miasto Krak\u00f3w &#8211; ul Benedykty\u0144ska<\/a><a href=\"http:\/\/a4-balice-krakowpoludnie-stes.pl\/wp-content\/uploads\/2024\/01\/Formularz-opinii-Benedyktynska-KRAKOW.pdf\" class=\"wp-block-file__button wp-element-button\" download aria-describedby=\"wp-block-file--media-e304762d-b045-4531-9558-476fdcf7579f\">Pobierz<\/a><\/div>\n\n\n\n<hr class=\"wp-block-separator has-alpha-channel-opacity\"\/>\n\n\n\n<div class=\"wp-block-file aligncenter\"><a id=\"wp-block-file--media-e304762d-b045-4531-9558-476fdcf7579f\" href=\"http:\/\/a4-balice-krakowpoludnie-stes.pl\/wp-content\/uploads\/2023\/12\/06.-Ulotka-nieruchomosci-O_Krakow.pdf\" target=\"_blank\" rel=\"noreferrer noopener\">Ulotka &#8211; Odszkodowania, nieruchomo\u015bci<\/a><a href=\"http:\/\/a4-balice-krakowpoludnie-stes.pl\/wp-content\/uploads\/2023\/12\/06.-Ulotka-nieruchomosci-O_Krakow.pdf\" class=\"wp-block-file__button wp-element-button\" download aria-describedby=\"wp-block-file--media-e304762d-b045-4531-9558-476fdcf7579f\">Pobierz<\/a><\/div>\n\n\n\n<hr class=\"wp-block-separator has-alpha-channel-opacity\"\/>\n\n\n\n<h3 class=\"wp-block-heading has-text-align-center\"><a href=\"http:\/\/a4-balice-krakowpoludnie-stes.pl\/index.php\/2023\/12\/19\/plany-sytuacyjne-18-12-2023\/\" target=\"_blank\" rel=\"noreferrer noopener\">Plany sytuacyjne<\/a><\/h3>\n\n\n\n<hr class=\"wp-block-separator has-alpha-channel-opacity\"\/>\n\n\n\n<p class=\"has-text-align-center\">Wype\u0142niony formularz nale\u017cy przes\u0142a\u0107&nbsp;<strong>do dnia 16.02.2024 r.<\/strong>&nbsp;na adres:<br>IVIA S.A., al. W. Ro\u017adzie\u0144skiego 91, 40-203 Katowice<br>lub poczt\u0105 elektroniczn\u0105 (w postaci skanu) na adres e-mail:<br><a href=\"mailto:obwodnicakrakowa@ivia.pl\">obwodnicakrakowa@ivia.pl<\/a><\/p>\n\n\n\n<div id=\"section-gfe6f5e\" class=\"wp-block-gutentor-e1 section-gfe6f5e gutentor-element gutentor-element-advanced-text text-align-center-desktop\"><div class=\"gutentor-text-wrap\"><h3 class=\"gutentor-text\">DECYZJ\u0104 ZAMAWIAJ\u0104CEGO WYD\u0141U\u017bAMY TERMIN PRZEKAZANIA FORMULARZY OPINII DO 29 LUTEGO 2024r.<\/h3><\/div><\/div>\n\n\n\n<div id=\"section-g03d576\" class=\"wp-block-gutentor-e1 section-g03d576 gutentor-element gutentor-element-advanced-text text-align-center-desktop\"><div class=\"gutentor-text-wrap\"><h3 class=\"gutentor-text\">ZAKO\u0143CZONO ETAP ZBIERANIA FORMULARZY OPINII PO SPOTKANIACH INFORMACYJNYCH.<\/h3><\/div><\/div>\n","protected":false},"excerpt":{"rendered":"<p>Materia\u0142y informacyjne do spotkania informacyjnego dla Miasta Krak\u00f3w<\/p>\n","protected":false},"author":1,"featured_media":4410,"comment_status":"closed","ping_status":"closed","sticky":false,"template":"","format":"standard","meta":{"footnotes":""},"categories":[5],"tags":[],"class_list":["post-5413","post","type-post","status-publish","format-standard","has-post-thumbnail","hentry","category-aktualnosci"],"gutentor_comment":0,"yoast_head":"<!-- This site is optimized with the Yoast SEO plugin v27.5 - https:\/\/yoast.com\/product\/yoast-seo-wordpress\/ -->\n<title>Miasto Krak\u00f3w 17.01.2024 - Rozbudowa autostrady A4 od w\u0119z\u0142a Balice do ul. K\u0105pielowej w Krakowie o trzeci pas ruchu<\/title>\n<meta name=\"robots\" content=\"index, follow, max-snippet:-1, max-image-preview:large, max-video-preview:-1\" \/>\n<link rel=\"canonical\" href=\"http:\/\/a4-balice-krakowpoludnie-stes.pl\/index.php\/2024\/01\/04\/miasto-krakow-17-01-2024\/\" \/>\n<meta property=\"og:locale\" content=\"pl_PL\" \/>\n<meta property=\"og:type\" content=\"article\" \/>\n<meta property=\"og:title\" content=\"Miasto Krak\u00f3w 17.01.2024 - Rozbudowa autostrady A4 od w\u0119z\u0142a Balice do ul. K\u0105pielowej w Krakowie o trzeci pas ruchu\" \/>\n<meta property=\"og:description\" content=\"Materia\u0142y informacyjne do spotkania informacyjnego dla Miasta Krak\u00f3w\" \/>\n<meta property=\"og:url\" content=\"http:\/\/a4-balice-krakowpoludnie-stes.pl\/index.php\/2024\/01\/04\/miasto-krakow-17-01-2024\/\" \/>\n<meta property=\"og:site_name\" content=\"Rozbudowa autostrady A4 od w\u0119z\u0142a Balice do ul. K\u0105pielowej w Krakowie o trzeci pas ruchu\" \/>\n<meta property=\"article:published_time\" content=\"2024-01-04T12:30:25+00:00\" \/>\n<meta property=\"article:modified_time\" content=\"2024-03-01T13:57:07+00:00\" \/>\n<meta property=\"og:image\" content=\"http:\/\/a4-balice-krakowpoludnie-stes.pl\/wp-content\/uploads\/2023\/01\/readmore.png\" \/>\n\t<meta property=\"og:image:width\" content=\"88\" \/>\n\t<meta property=\"og:image:height\" content=\"40\" \/>\n\t<meta property=\"og:image:type\" content=\"image\/png\" \/>\n<meta name=\"author\" content=\"a4balice\" \/>\n<meta name=\"twitter:card\" content=\"summary_large_image\" \/>\n<meta name=\"twitter:label1\" content=\"Napisane przez\" \/>\n\t<meta name=\"twitter:data1\" content=\"a4balice\" \/>\n\t<meta name=\"twitter:label2\" content=\"Szacowany czas czytania\" \/>\n\t<meta name=\"twitter:data2\" content=\"1 minuta\" \/>\n<script type=\"application\/ld+json\" class=\"yoast-schema-graph\">{\"@context\":\"https:\\\/\\\/schema.org\",\"@graph\":[{\"@type\":\"Article\",\"@id\":\"http:\\\/\\\/a4-balice-krakowpoludnie-stes.pl\\\/index.php\\\/2024\\\/01\\\/04\\\/miasto-krakow-17-01-2024\\\/#article\",\"isPartOf\":{\"@id\":\"http:\\\/\\\/a4-balice-krakowpoludnie-stes.pl\\\/index.php\\\/2024\\\/01\\\/04\\\/miasto-krakow-17-01-2024\\\/\"},\"author\":{\"name\":\"a4balice\",\"@id\":\"http:\\\/\\\/a4-balice-krakowpoludnie-stes.pl\\\/#\\\/schema\\\/person\\\/3bee5e19b1475b428e21e07aa262d4bf\"},\"headline\":\"Miasto Krak\u00f3w 17.01.2024\",\"datePublished\":\"2024-01-04T12:30:25+00:00\",\"dateModified\":\"2024-03-01T13:57:07+00:00\",\"mainEntityOfPage\":{\"@id\":\"http:\\\/\\\/a4-balice-krakowpoludnie-stes.pl\\\/index.php\\\/2024\\\/01\\\/04\\\/miasto-krakow-17-01-2024\\\/\"},\"wordCount\":119,\"publisher\":{\"@id\":\"http:\\\/\\\/a4-balice-krakowpoludnie-stes.pl\\\/#organization\"},\"image\":{\"@id\":\"http:\\\/\\\/a4-balice-krakowpoludnie-stes.pl\\\/index.php\\\/2024\\\/01\\\/04\\\/miasto-krakow-17-01-2024\\\/#primaryimage\"},\"thumbnailUrl\":\"http:\\\/\\\/a4-balice-krakowpoludnie-stes.pl\\\/wp-content\\\/uploads\\\/2023\\\/01\\\/readmore.png\",\"articleSection\":[\"Aktualno\u015bci\"],\"inLanguage\":\"pl-PL\"},{\"@type\":\"WebPage\",\"@id\":\"http:\\\/\\\/a4-balice-krakowpoludnie-stes.pl\\\/index.php\\\/2024\\\/01\\\/04\\\/miasto-krakow-17-01-2024\\\/\",\"url\":\"http:\\\/\\\/a4-balice-krakowpoludnie-stes.pl\\\/index.php\\\/2024\\\/01\\\/04\\\/miasto-krakow-17-01-2024\\\/\",\"name\":\"Miasto Krak\u00f3w 17.01.2024 - Rozbudowa autostrady A4 od w\u0119z\u0142a Balice do ul. K\u0105pielowej w Krakowie o trzeci pas ruchu\",\"isPartOf\":{\"@id\":\"http:\\\/\\\/a4-balice-krakowpoludnie-stes.pl\\\/#website\"},\"primaryImageOfPage\":{\"@id\":\"http:\\\/\\\/a4-balice-krakowpoludnie-stes.pl\\\/index.php\\\/2024\\\/01\\\/04\\\/miasto-krakow-17-01-2024\\\/#primaryimage\"},\"image\":{\"@id\":\"http:\\\/\\\/a4-balice-krakowpoludnie-stes.pl\\\/index.php\\\/2024\\\/01\\\/04\\\/miasto-krakow-17-01-2024\\\/#primaryimage\"},\"thumbnailUrl\":\"http:\\\/\\\/a4-balice-krakowpoludnie-stes.pl\\\/wp-content\\\/uploads\\\/2023\\\/01\\\/readmore.png\",\"datePublished\":\"2024-01-04T12:30:25+00:00\",\"dateModified\":\"2024-03-01T13:57:07+00:00\",\"breadcrumb\":{\"@id\":\"http:\\\/\\\/a4-balice-krakowpoludnie-stes.pl\\\/index.php\\\/2024\\\/01\\\/04\\\/miasto-krakow-17-01-2024\\\/#breadcrumb\"},\"inLanguage\":\"pl-PL\",\"potentialAction\":[{\"@type\":\"ReadAction\",\"target\":[\"http:\\\/\\\/a4-balice-krakowpoludnie-stes.pl\\\/index.php\\\/2024\\\/01\\\/04\\\/miasto-krakow-17-01-2024\\\/\"]}]},{\"@type\":\"ImageObject\",\"inLanguage\":\"pl-PL\",\"@id\":\"http:\\\/\\\/a4-balice-krakowpoludnie-stes.pl\\\/index.php\\\/2024\\\/01\\\/04\\\/miasto-krakow-17-01-2024\\\/#primaryimage\",\"url\":\"http:\\\/\\\/a4-balice-krakowpoludnie-stes.pl\\\/wp-content\\\/uploads\\\/2023\\\/01\\\/readmore.png\",\"contentUrl\":\"http:\\\/\\\/a4-balice-krakowpoludnie-stes.pl\\\/wp-content\\\/uploads\\\/2023\\\/01\\\/readmore.png\",\"width\":88,\"height\":40},{\"@type\":\"BreadcrumbList\",\"@id\":\"http:\\\/\\\/a4-balice-krakowpoludnie-stes.pl\\\/index.php\\\/2024\\\/01\\\/04\\\/miasto-krakow-17-01-2024\\\/#breadcrumb\",\"itemListElement\":[{\"@type\":\"ListItem\",\"position\":1,\"name\":\"Strona g\u0142\u00f3wna\",\"item\":\"http:\\\/\\\/a4-balice-krakowpoludnie-stes.pl\\\/\"},{\"@type\":\"ListItem\",\"position\":2,\"name\":\"Miasto Krak\u00f3w 17.01.2024\"}]},{\"@type\":\"WebSite\",\"@id\":\"http:\\\/\\\/a4-balice-krakowpoludnie-stes.pl\\\/#website\",\"url\":\"http:\\\/\\\/a4-balice-krakowpoludnie-stes.pl\\\/\",\"name\":\"Rozbudowa autostrady A4 od w\u0119z\u0142a Balice do ul. K\u0105pielowej w Krakowie o trzeci pas ruchu\",\"description\":\"\",\"publisher\":{\"@id\":\"http:\\\/\\\/a4-balice-krakowpoludnie-stes.pl\\\/#organization\"},\"potentialAction\":[{\"@type\":\"SearchAction\",\"target\":{\"@type\":\"EntryPoint\",\"urlTemplate\":\"http:\\\/\\\/a4-balice-krakowpoludnie-stes.pl\\\/?s={search_term_string}\"},\"query-input\":{\"@type\":\"PropertyValueSpecification\",\"valueRequired\":true,\"valueName\":\"search_term_string\"}}],\"inLanguage\":\"pl-PL\"},{\"@type\":\"Organization\",\"@id\":\"http:\\\/\\\/a4-balice-krakowpoludnie-stes.pl\\\/#organization\",\"name\":\"Rozbudowa autostrady A4 od w\u0119z\u0142a Balice do ul. K\u0105pielowej w Krakowie o trzeci pas ruchu\",\"url\":\"http:\\\/\\\/a4-balice-krakowpoludnie-stes.pl\\\/\",\"logo\":{\"@type\":\"ImageObject\",\"inLanguage\":\"pl-PL\",\"@id\":\"http:\\\/\\\/a4-balice-krakowpoludnie-stes.pl\\\/#\\\/schema\\\/logo\\\/image\\\/\",\"url\":\"http:\\\/\\\/a4-balice-krakowpoludnie-stes.pl\\\/wp-content\\\/uploads\\\/2023\\\/01\\\/cropped-empty.png\",\"contentUrl\":\"http:\\\/\\\/a4-balice-krakowpoludnie-stes.pl\\\/wp-content\\\/uploads\\\/2023\\\/01\\\/cropped-empty.png\",\"width\":290,\"height\":96,\"caption\":\"Rozbudowa autostrady A4 od w\u0119z\u0142a Balice do ul. K\u0105pielowej w Krakowie o trzeci pas ruchu\"},\"image\":{\"@id\":\"http:\\\/\\\/a4-balice-krakowpoludnie-stes.pl\\\/#\\\/schema\\\/logo\\\/image\\\/\"}},{\"@type\":\"Person\",\"@id\":\"http:\\\/\\\/a4-balice-krakowpoludnie-stes.pl\\\/#\\\/schema\\\/person\\\/3bee5e19b1475b428e21e07aa262d4bf\",\"name\":\"a4balice\",\"image\":{\"@type\":\"ImageObject\",\"inLanguage\":\"pl-PL\",\"@id\":\"https:\\\/\\\/secure.gravatar.com\\\/avatar\\\/2330c906e29c143c5cdd177ff5c5600333c951f739c1193d6f534b71e1333ec7?s=96&d=mm&r=g\",\"url\":\"https:\\\/\\\/secure.gravatar.com\\\/avatar\\\/2330c906e29c143c5cdd177ff5c5600333c951f739c1193d6f534b71e1333ec7?s=96&d=mm&r=g\",\"contentUrl\":\"https:\\\/\\\/secure.gravatar.com\\\/avatar\\\/2330c906e29c143c5cdd177ff5c5600333c951f739c1193d6f534b71e1333ec7?s=96&d=mm&r=g\",\"caption\":\"a4balice\"},\"sameAs\":[\"http:\\\/\\\/a4-krakow-kapielowa-stes.pl\"],\"url\":\"http:\\\/\\\/a4-balice-krakowpoludnie-stes.pl\\\/index.php\\\/author\\\/a4balice\\\/\"}]}<\/script>\n<!-- \/ Yoast SEO plugin. -->","yoast_head_json":{"title":"Miasto Krak\u00f3w 17.01.2024 - Rozbudowa autostrady A4 od w\u0119z\u0142a Balice do ul. K\u0105pielowej w Krakowie o trzeci pas ruchu","robots":{"index":"index","follow":"follow","max-snippet":"max-snippet:-1","max-image-preview":"max-image-preview:large","max-video-preview":"max-video-preview:-1"},"canonical":"http:\/\/a4-balice-krakowpoludnie-stes.pl\/index.php\/2024\/01\/04\/miasto-krakow-17-01-2024\/","og_locale":"pl_PL","og_type":"article","og_title":"Miasto Krak\u00f3w 17.01.2024 - Rozbudowa autostrady A4 od w\u0119z\u0142a Balice do ul. K\u0105pielowej w Krakowie o trzeci pas ruchu","og_description":"Materia\u0142y informacyjne do spotkania informacyjnego dla Miasta Krak\u00f3w","og_url":"http:\/\/a4-balice-krakowpoludnie-stes.pl\/index.php\/2024\/01\/04\/miasto-krakow-17-01-2024\/","og_site_name":"Rozbudowa autostrady A4 od w\u0119z\u0142a Balice do ul. K\u0105pielowej w Krakowie o trzeci pas ruchu","article_published_time":"2024-01-04T12:30:25+00:00","article_modified_time":"2024-03-01T13:57:07+00:00","og_image":[{"width":88,"height":40,"url":"http:\/\/a4-balice-krakowpoludnie-stes.pl\/wp-content\/uploads\/2023\/01\/readmore.png","type":"image\/png"}],"author":"a4balice","twitter_card":"summary_large_image","twitter_misc":{"Napisane przez":"a4balice","Szacowany czas czytania":"1 minuta"},"schema":{"@context":"https:\/\/schema.org","@graph":[{"@type":"Article","@id":"http:\/\/a4-balice-krakowpoludnie-stes.pl\/index.php\/2024\/01\/04\/miasto-krakow-17-01-2024\/#article","isPartOf":{"@id":"http:\/\/a4-balice-krakowpoludnie-stes.pl\/index.php\/2024\/01\/04\/miasto-krakow-17-01-2024\/"},"author":{"name":"a4balice","@id":"http:\/\/a4-balice-krakowpoludnie-stes.pl\/#\/schema\/person\/3bee5e19b1475b428e21e07aa262d4bf"},"headline":"Miasto Krak\u00f3w 17.01.2024","datePublished":"2024-01-04T12:30:25+00:00","dateModified":"2024-03-01T13:57:07+00:00","mainEntityOfPage":{"@id":"http:\/\/a4-balice-krakowpoludnie-stes.pl\/index.php\/2024\/01\/04\/miasto-krakow-17-01-2024\/"},"wordCount":119,"publisher":{"@id":"http:\/\/a4-balice-krakowpoludnie-stes.pl\/#organization"},"image":{"@id":"http:\/\/a4-balice-krakowpoludnie-stes.pl\/index.php\/2024\/01\/04\/miasto-krakow-17-01-2024\/#primaryimage"},"thumbnailUrl":"http:\/\/a4-balice-krakowpoludnie-stes.pl\/wp-content\/uploads\/2023\/01\/readmore.png","articleSection":["Aktualno\u015bci"],"inLanguage":"pl-PL"},{"@type":"WebPage","@id":"http:\/\/a4-balice-krakowpoludnie-stes.pl\/index.php\/2024\/01\/04\/miasto-krakow-17-01-2024\/","url":"http:\/\/a4-balice-krakowpoludnie-stes.pl\/index.php\/2024\/01\/04\/miasto-krakow-17-01-2024\/","name":"Miasto Krak\u00f3w 17.01.2024 - Rozbudowa autostrady A4 od w\u0119z\u0142a Balice do ul. K\u0105pielowej w Krakowie o trzeci pas ruchu","isPartOf":{"@id":"http:\/\/a4-balice-krakowpoludnie-stes.pl\/#website"},"primaryImageOfPage":{"@id":"http:\/\/a4-balice-krakowpoludnie-stes.pl\/index.php\/2024\/01\/04\/miasto-krakow-17-01-2024\/#primaryimage"},"image":{"@id":"http:\/\/a4-balice-krakowpoludnie-stes.pl\/index.php\/2024\/01\/04\/miasto-krakow-17-01-2024\/#primaryimage"},"thumbnailUrl":"http:\/\/a4-balice-krakowpoludnie-stes.pl\/wp-content\/uploads\/2023\/01\/readmore.png","datePublished":"2024-01-04T12:30:25+00:00","dateModified":"2024-03-01T13:57:07+00:00","breadcrumb":{"@id":"http:\/\/a4-balice-krakowpoludnie-stes.pl\/index.php\/2024\/01\/04\/miasto-krakow-17-01-2024\/#breadcrumb"},"inLanguage":"pl-PL","potentialAction":[{"@type":"ReadAction","target":["http:\/\/a4-balice-krakowpoludnie-stes.pl\/index.php\/2024\/01\/04\/miasto-krakow-17-01-2024\/"]}]},{"@type":"ImageObject","inLanguage":"pl-PL","@id":"http:\/\/a4-balice-krakowpoludnie-stes.pl\/index.php\/2024\/01\/04\/miasto-krakow-17-01-2024\/#primaryimage","url":"http:\/\/a4-balice-krakowpoludnie-stes.pl\/wp-content\/uploads\/2023\/01\/readmore.png","contentUrl":"http:\/\/a4-balice-krakowpoludnie-stes.pl\/wp-content\/uploads\/2023\/01\/readmore.png","width":88,"height":40},{"@type":"BreadcrumbList","@id":"http:\/\/a4-balice-krakowpoludnie-stes.pl\/index.php\/2024\/01\/04\/miasto-krakow-17-01-2024\/#breadcrumb","itemListElement":[{"@type":"ListItem","position":1,"name":"Strona g\u0142\u00f3wna","item":"http:\/\/a4-balice-krakowpoludnie-stes.pl\/"},{"@type":"ListItem","position":2,"name":"Miasto Krak\u00f3w 17.01.2024"}]},{"@type":"WebSite","@id":"http:\/\/a4-balice-krakowpoludnie-stes.pl\/#website","url":"http:\/\/a4-balice-krakowpoludnie-stes.pl\/","name":"Rozbudowa autostrady A4 od w\u0119z\u0142a Balice do ul. K\u0105pielowej w Krakowie o trzeci pas ruchu","description":"","publisher":{"@id":"http:\/\/a4-balice-krakowpoludnie-stes.pl\/#organization"},"potentialAction":[{"@type":"SearchAction","target":{"@type":"EntryPoint","urlTemplate":"http:\/\/a4-balice-krakowpoludnie-stes.pl\/?s={search_term_string}"},"query-input":{"@type":"PropertyValueSpecification","valueRequired":true,"valueName":"search_term_string"}}],"inLanguage":"pl-PL"},{"@type":"Organization","@id":"http:\/\/a4-balice-krakowpoludnie-stes.pl\/#organization","name":"Rozbudowa autostrady A4 od w\u0119z\u0142a Balice do ul. K\u0105pielowej w Krakowie o trzeci pas ruchu","url":"http:\/\/a4-balice-krakowpoludnie-stes.pl\/","logo":{"@type":"ImageObject","inLanguage":"pl-PL","@id":"http:\/\/a4-balice-krakowpoludnie-stes.pl\/#\/schema\/logo\/image\/","url":"http:\/\/a4-balice-krakowpoludnie-stes.pl\/wp-content\/uploads\/2023\/01\/cropped-empty.png","contentUrl":"http:\/\/a4-balice-krakowpoludnie-stes.pl\/wp-content\/uploads\/2023\/01\/cropped-empty.png","width":290,"height":96,"caption":"Rozbudowa autostrady A4 od w\u0119z\u0142a Balice do ul. K\u0105pielowej w Krakowie o trzeci pas ruchu"},"image":{"@id":"http:\/\/a4-balice-krakowpoludnie-stes.pl\/#\/schema\/logo\/image\/"}},{"@type":"Person","@id":"http:\/\/a4-balice-krakowpoludnie-stes.pl\/#\/schema\/person\/3bee5e19b1475b428e21e07aa262d4bf","name":"a4balice","image":{"@type":"ImageObject","inLanguage":"pl-PL","@id":"https:\/\/secure.gravatar.com\/avatar\/2330c906e29c143c5cdd177ff5c5600333c951f739c1193d6f534b71e1333ec7?s=96&d=mm&r=g","url":"https:\/\/secure.gravatar.com\/avatar\/2330c906e29c143c5cdd177ff5c5600333c951f739c1193d6f534b71e1333ec7?s=96&d=mm&r=g","contentUrl":"https:\/\/secure.gravatar.com\/avatar\/2330c906e29c143c5cdd177ff5c5600333c951f739c1193d6f534b71e1333ec7?s=96&d=mm&r=g","caption":"a4balice"},"sameAs":["http:\/\/a4-krakow-kapielowa-stes.pl"],"url":"http:\/\/a4-balice-krakowpoludnie-stes.pl\/index.php\/author\/a4balice\/"}]}},"_links":{"self":[{"href":"http:\/\/a4-balice-krakowpoludnie-stes.pl\/index.php\/wp-json\/wp\/v2\/posts\/5413","targetHints":{"allow":["GET"]}}],"collection":[{"href":"http:\/\/a4-balice-krakowpoludnie-stes.pl\/index.php\/wp-json\/wp\/v2\/posts"}],"about":[{"href":"http:\/\/a4-balice-krakowpoludnie-stes.pl\/index.php\/wp-json\/wp\/v2\/types\/post"}],"author":[{"embeddable":true,"href":"http:\/\/a4-balice-krakowpoludnie-stes.pl\/index.php\/wp-json\/wp\/v2\/users\/1"}],"replies":[{"embeddable":true,"href":"http:\/\/a4-balice-krakowpoludnie-stes.pl\/index.php\/wp-json\/wp\/v2\/comments?post=5413"}],"version-history":[{"count":9,"href":"http:\/\/a4-balice-krakowpoludnie-stes.pl\/index.php\/wp-json\/wp\/v2\/posts\/5413\/revisions"}],"predecessor-version":[{"id":5473,"href":"http:\/\/a4-balice-krakowpoludnie-stes.pl\/index.php\/wp-json\/wp\/v2\/posts\/5413\/revisions\/5473"}],"wp:featuredmedia":[{"embeddable":true,"href":"http:\/\/a4-balice-krakowpoludnie-stes.pl\/index.php\/wp-json\/wp\/v2\/media\/4410"}],"wp:attachment":[{"href":"http:\/\/a4-balice-krakowpoludnie-stes.pl\/index.php\/wp-json\/wp\/v2\/media?parent=5413"}],"wp:term":[{"taxonomy":"category","embeddable":true,"href":"http:\/\/a4-balice-krakowpoludnie-stes.pl\/index.php\/wp-json\/wp\/v2\/categories?post=5413"},{"taxonomy":"post_tag","embeddable":true,"href":"http:\/\/a4-balice-krakowpoludnie-stes.pl\/index.php\/wp-json\/wp\/v2\/tags?post=5413"}],"curies":[{"name":"wp","href":"https:\/\/api.w.org\/{rel}","templated":true}]}}